{"id":46,"date":"2016-07-17T18:04:53","date_gmt":"2016-07-17T16:04:53","guid":{"rendered":"http:\/\/www.digidattica.com\/wordpress\/?p=46"},"modified":"2016-07-17T18:54:48","modified_gmt":"2016-07-17T16:54:48","slug":"insegnare-ai-tempi-del-cloud","status":"publish","type":"post","link":"https:\/\/www.digidattica.com\/wordpress\/2016\/07\/insegnare-ai-tempi-del-cloud\/","title":{"rendered":"Insegnare ai tempi del cloud"},"content":{"rendered":"<p class=\"p1\">Una maggiore dimestichezza con le tecnologie informatiche \u00e8 oggi una competenza quasi imprescindibile per ciascun insegnante; essere consapevoli delle opportunit\u00e0 didattiche e delle esigenze educative che un uso funzionale degli strumenti informatici implica \u00e8 un valore aggiunto dell\u2019offerta formativa della scuola.<!--more--><span class=\"s1\"><a href=\"http:\/\/www.mondadoristore.it\/Insegnare-ai-tempi-del-cloud-Simone-Mazza\/eai978605035003\/\">Il testo \u201cInsegnare ai tempi del cloud\u201d<\/a> cerca di perseguire entrambe queste finalit\u00e0.<\/span><\/p>\n<p class=\"p1\"><img loading=\"lazy\" decoding=\"async\" class=\"alignnone size-full wp-image-48\" src=\"http:\/\/www.digidattica.com\/wordpress\/wp-content\/uploads\/2016\/07\/insegnare-ai-tempi-del-cloud.jpeg\" alt=\"insegnare ai tempi del cloud, di Simone Mazza\" width=\"120\" height=\"160\" \/><\/p>\n<p class=\"p1\"><span class=\"s1\">All\u2019interno di questo nuovo eBook, si ragiona sulle opportunit\u00e0 di implementazione di alcune tecnologie a scuola, in primis quelle \u201cad uso collettivo\u201d (LIM, videoproiettore), ma anche quelle \u201cad uso individuale\u201d (notebook, tablet, pc-tablet, ecc.); si affrontano i rischi legati all\u2019uso della rete da parte dei ragazzi a scuola; si definiscono le competenze che essi devono e possono acquisire con l\u2019ausilio delle tecnologie; si descrivono funzioni e procedure dei software (soprattutto web-application) e dei servizi cloud pi\u00f9 adatti a lavorare con gli studenti oggi; si propongono moltissimi esempi pratici di utilizzo delle tecnologie in classe, rispetto a diverse discipline, con dovizia di dettagli su obiettivi specifici, fasi di lavoro, strumenti usati, valutazione.<\/span><\/p>\n","protected":false},"excerpt":{"rendered":"<p>Una maggiore dimestichezza con le tecnologie informatiche \u00e8 oggi una competenza quasi imprescindibile per ciascun insegnante; essere consapevoli delle opportunit\u00e0 didattiche e delle esigenze educative che un uso funzionale degli strumenti informatici implica \u00e8 un valore aggiunto dell\u2019offerta formativa della scuola.<\/p>\n","protected":false},"author":1,"featured_media":0,"comment_status":"closed","ping_status":"closed","sticky":false,"template":"","format":"standard","meta":{"footnotes":""},"categories":[40],"tags":[25,41,44,42,43,29],"class_list":["post-46","post","type-post","status-publish","format-standard","hentry","category-ebook","tag-byod","tag-cloud","tag-ipad","tag-lim","tag-tablet","tag-tecnologia-didattica"],"_links":{"self":[{"href":"https:\/\/www.digidattica.com\/wordpress\/wp-json\/wp\/v2\/posts\/46","targetHints":{"allow":["GET"]}}],"collection":[{"href":"https:\/\/www.digidattica.com\/wordpress\/wp-json\/wp\/v2\/posts"}],"about":[{"href":"https:\/\/www.digidattica.com\/wordpress\/wp-json\/wp\/v2\/types\/post"}],"author":[{"embeddable":true,"href":"https:\/\/www.digidattica.com\/wordpress\/wp-json\/wp\/v2\/users\/1"}],"replies":[{"embeddable":true,"href":"https:\/\/www.digidattica.com\/wordpress\/wp-json\/wp\/v2\/comments?post=46"}],"version-history":[{"count":2,"href":"https:\/\/www.digidattica.com\/wordpress\/wp-json\/wp\/v2\/posts\/46\/revisions"}],"predecessor-version":[{"id":49,"href":"https:\/\/www.digidattica.com\/wordpress\/wp-json\/wp\/v2\/posts\/46\/revisions\/49"}],"wp:attachment":[{"href":"https:\/\/www.digidattica.com\/wordpress\/wp-json\/wp\/v2\/media?parent=46"}],"wp:term":[{"taxonomy":"category","embeddable":true,"href":"https:\/\/www.digidattica.com\/wordpress\/wp-json\/wp\/v2\/categories?post=46"},{"taxonomy":"post_tag","embeddable":true,"href":"https:\/\/www.digidattica.com\/wordpress\/wp-json\/wp\/v2\/tags?post=46"}],"curies":[{"name":"wp","href":"https:\/\/api.w.org\/{rel}","templated":true}]}}