{"id":11,"date":"2016-07-16T14:28:34","date_gmt":"2016-07-16T12:28:34","guid":{"rendered":"http:\/\/www.digidattica.com\/wordpress\/?p=11"},"modified":"2016-07-17T12:32:09","modified_gmt":"2016-07-17T10:32:09","slug":"utilita-del-podcast","status":"publish","type":"post","link":"https:\/\/www.digidattica.com\/wordpress\/2016\/07\/utilita-del-podcast\/","title":{"rendered":"utilit\u00e0 del Podcast"},"content":{"rendered":"<p class=\"p1\"><span class=\"s1\">Il\u00a0tablet renderebbe forse possibile quello che fino ad oggi \u00e8 stato pi\u00f9 o meno un mito della innovazione tecnologica (bench\u00e9 obiettivo imprescindibile della scuola moderna): la individualizzazione.<\/span><\/p>\n<p class=\"p1\"><span class=\"s1\">La concreta impossibilit\u00e0 di avere pc per ogni alunno ha di fatto reso non fruibile il materiale digitale che eventualmente si fosse prestato a lezioni &#8220;per livelli&#8221; o personalizzate. Testi scalabili per dislessici, modifiche in tempo reale di font, lettura vocale, ecc. Francamente, un setting complicato per i nostri contesti.<\/span><!--more--><\/p>\n<p class=\"p1\"><span class=\"s1\">Il tablet, eventualmente dotato di cuffie, offre chance discrete, del tutto integrabili nell&#8217;attuale contesto classe.<\/span><\/p>\n<p class=\"p1\"><span class=\"s1\">Cos\u00ec, mentre la classe fa grammatica, per esempio, i miei studenti stranieri (ancora da alfabetizzare), i dislessici, la mia alunna ipovedente, tutti in qualche misura dispensati da morfosintassi e analisi linguistiche complicate, si dedicano silenziosamente alla lettura, con podcast appositi o anche\u2026 improvvisati. Basta l&#8217;app gratuita Blah e qualunque testo viene letto in modo anche piuttosto espressivo!<\/span><\/p>\n<p class=\"p1\"><span class=\"s1\">Per fare podcast professionali, consigliamo Audacity o GarageBand.<\/span><\/p>\n<p class=\"p1\"><span class=\"s1\">Ma ci sono web application come Sound Cloud Recorder, perfettamente integrate con il Drive di Google.<\/span><\/p>\n","protected":false},"excerpt":{"rendered":"<p>Il\u00a0tablet renderebbe forse possibile quello che fino ad oggi \u00e8 stato pi\u00f9 o meno un mito della innovazione tecnologica (bench\u00e9 obiettivo imprescindibile della scuola moderna): la individualizzazione. La concreta impossibilit\u00e0 di avere pc per ogni alunno ha di fatto reso non fruibile il materiale digitale che eventualmente si fosse prestato a lezioni &#8220;per livelli&#8221; o &hellip; <a href=\"https:\/\/www.digidattica.com\/wordpress\/2016\/07\/utilita-del-podcast\/\" class=\"more-link\">Leggi tutto<span class=\"screen-reader-text\"> &#8220;utilit\u00e0 del Podcast&#8221;<\/span><\/a><\/p>\n","protected":false},"author":1,"featured_media":0,"comment_status":"closed","ping_status":"closed","sticky":false,"template":"","format":"standard","meta":{"footnotes":""},"categories":[2],"tags":[31,35,33,34,32],"class_list":["post-11","post","type-post","status-publish","format-standard","hentry","category-news","tag-audio","tag-didattica-inclusiva","tag-flipped-classroom","tag-inclusione","tag-podcast"],"_links":{"self":[{"href":"https:\/\/www.digidattica.com\/wordpress\/wp-json\/wp\/v2\/posts\/11","targetHints":{"allow":["GET"]}}],"collection":[{"href":"https:\/\/www.digidattica.com\/wordpress\/wp-json\/wp\/v2\/posts"}],"about":[{"href":"https:\/\/www.digidattica.com\/wordpress\/wp-json\/wp\/v2\/types\/post"}],"author":[{"embeddable":true,"href":"https:\/\/www.digidattica.com\/wordpress\/wp-json\/wp\/v2\/users\/1"}],"replies":[{"embeddable":true,"href":"https:\/\/www.digidattica.com\/wordpress\/wp-json\/wp\/v2\/comments?post=11"}],"version-history":[{"count":2,"href":"https:\/\/www.digidattica.com\/wordpress\/wp-json\/wp\/v2\/posts\/11\/revisions"}],"predecessor-version":[{"id":14,"href":"https:\/\/www.digidattica.com\/wordpress\/wp-json\/wp\/v2\/posts\/11\/revisions\/14"}],"wp:attachment":[{"href":"https:\/\/www.digidattica.com\/wordpress\/wp-json\/wp\/v2\/media?parent=11"}],"wp:term":[{"taxonomy":"category","embeddable":true,"href":"https:\/\/www.digidattica.com\/wordpress\/wp-json\/wp\/v2\/categories?post=11"},{"taxonomy":"post_tag","embeddable":true,"href":"https:\/\/www.digidattica.com\/wordpress\/wp-json\/wp\/v2\/tags?post=11"}],"curies":[{"name":"wp","href":"https:\/\/api.w.org\/{rel}","templated":true}]}}